{"id":4685,"date":"2025-09-22T10:25:26","date_gmt":"2025-09-22T08:25:26","guid":{"rendered":"https:\/\/www.groupe-jja.com\/?p=4685"},"modified":"2025-09-22T10:26:42","modified_gmt":"2025-09-22T08:26:42","slug":"atmosphera-lanza-una-campana-nacional","status":"publish","type":"post","link":"https:\/\/www.groupe-jja.com\/es\/noticias\/atmosphera-lanza-una-campana-nacional\/","title":{"rendered":"Atmosphera se hace nacional"},"content":{"rendered":"<div data-elementor-type=\"wp-post\" data-elementor-id=\"4685\" class=\"elementor elementor-4685\">\n\t\t\t\t<div class=\"elementor-element elementor-element-cfc2626 container-style-centered-container container-space container-space-no-space e-con-full container-margin-space  container-margin-space-default background-default e-flex e-con e-parent\" data-id=\"cfc2626\" data-element_type=\"container\">\n\t\t\t\t<div class=\"elementor-element elementor-element-1386c17 elementor-widget elementor-widget-text-and-multiple-images-widget\" data-id=\"1386c17\" data-element_type=\"widget\" data-widget_type=\"text-and-multiple-images-widget.default\">\n\t\t\t\t<div class=\"elementor-widget-container\">\n\t\t\t\t\t<div class=\"container-fluid text-and-multiple-images-container\">\n\t\t\t<div class=\"row content_style_5\">\n\t\t\t<div class=\"col-md-8 offset-md-2\">\n\t\t\t\t<div class=\"text-1 d-flex flex-column\">\n\t\t\t\t\t<p>Dise\u00f1ada para reflejar el ADN de la marca, esta comunicaci\u00f3n destaca mensajes sinceros, accesibles e inspiradores. Las creaciones juegan con las palabras para realzar los productos de Atmosphera, aportando al mismo tiempo un toque de cercan\u00eda y buen humor en el d\u00eda a d\u00eda.<\/p><p>Esta campa\u00f1a se enmarca en la voluntad de Atmosphera de reforzar su visibilidad y compartir su visi\u00f3n de una decoraci\u00f3n accesible para todos.<\/p><p>Si te cruzas con uno de nuestros carteles, \u00a1no dudes en hac\u00e9rnoslo saber!\u00a0<\/p>\t\t\t\t<\/div>\n\t\t\t<\/div>\n\t\t<\/div>\n\t\t<div class=\"row content_style_5 mosaic-row\">\n\t\t\t<div class=\"col-md-6 offset-md-1 mosaic-img-0\">\n\t\t\t\t\t\t\t<\/div>\n\t\t\t<div class=\"col-md-4 d-flex flex-column justify-content-start\">\n\t\t\t\t<div class=\"d-flex mosaic-img-stack\">\n\t\t\t\t\t\t\t\t\t\t\t\t\t\t\t\t\t\t\t<\/div>\n\t\t\t<\/div>\n\t\t<\/div>\n\t<\/div>\n\t\t\t\t<\/div>\n\t\t\t\t<\/div>\n\t\t\t\t<\/div>\n\t\t\t\t<\/div>","protected":false},"excerpt":{"rendered":"<p>A partir del 22 de septiembre, Atmosphera, nuestra marca especializada en decoraci\u00f3n de interiores, lanza una campa\u00f1a nacional de gran envergadura.<\/p>","protected":false},"author":10,"featured_media":4686,"comment_status":"open","ping_status":"open","sticky":false,"template":"","format":"standard","meta":{"_acf_changed":false,"footnotes":""},"categories":[29,2],"tags":[],"class_list":["post-4685","post","type-post","status-publish","format-standard","has-post-thumbnail","hentry","category-atmosphera","category-design"],"acf":[],"_links":{"self":[{"href":"https:\/\/www.groupe-jja.com\/es\/wp-json\/wp\/v2\/posts\/4685","targetHints":{"allow":["GET"]}}],"collection":[{"href":"https:\/\/www.groupe-jja.com\/es\/wp-json\/wp\/v2\/posts"}],"about":[{"href":"https:\/\/www.groupe-jja.com\/es\/wp-json\/wp\/v2\/types\/post"}],"author":[{"embeddable":true,"href":"https:\/\/www.groupe-jja.com\/es\/wp-json\/wp\/v2\/users\/10"}],"replies":[{"embeddable":true,"href":"https:\/\/www.groupe-jja.com\/es\/wp-json\/wp\/v2\/comments?post=4685"}],"version-history":[{"count":5,"href":"https:\/\/www.groupe-jja.com\/es\/wp-json\/wp\/v2\/posts\/4685\/revisions"}],"predecessor-version":[{"id":5888,"href":"https:\/\/www.groupe-jja.com\/es\/wp-json\/wp\/v2\/posts\/4685\/revisions\/5888"}],"wp:featuredmedia":[{"embeddable":true,"href":"https:\/\/www.groupe-jja.com\/es\/wp-json\/wp\/v2\/media\/4686"}],"wp:attachment":[{"href":"https:\/\/www.groupe-jja.com\/es\/wp-json\/wp\/v2\/media?parent=4685"}],"wp:term":[{"taxonomy":"category","embeddable":true,"href":"https:\/\/www.groupe-jja.com\/es\/wp-json\/wp\/v2\/categories?post=4685"},{"taxonomy":"post_tag","embeddable":true,"href":"https:\/\/www.groupe-jja.com\/es\/wp-json\/wp\/v2\/tags?post=4685"}],"curies":[{"name":"wp","href":"https:\/\/api.w.org\/{rel}","templated":true}]}}