{"id":4624,"date":"2025-09-04T10:25:52","date_gmt":"2025-09-04T08:25:52","guid":{"rendered":"https:\/\/www.groupe-jja.com\/?p=4624"},"modified":"2025-09-22T10:14:17","modified_gmt":"2025-09-22T08:14:17","slug":"hesperide-laureado-del-grand-prix-de-limage-2025","status":"publish","type":"post","link":"https:\/\/www.groupe-jja.com\/es\/noticias\/hesperide-laureado-del-grand-prix-de-limage-2025\/","title":{"rendered":"Hesp\u00e9ride gana el Gran Premio de la Imagen 2025"},"content":{"rendered":"<div data-elementor-type=\"wp-post\" data-elementor-id=\"4624\" class=\"elementor elementor-4624\">\n\t\t\t\t<div class=\"elementor-element elementor-element-cfc2626 container-style-centered-container container-space container-space-no-space e-con-full container-margin-space  container-margin-space-default background-default e-flex e-con e-parent\" data-id=\"cfc2626\" data-element_type=\"container\">\n\t\t\t\t<div class=\"elementor-element elementor-element-1386c17 elementor-widget elementor-widget-text-and-multiple-images-widget\" data-id=\"1386c17\" data-element_type=\"widget\" data-widget_type=\"text-and-multiple-images-widget.default\">\n\t\t\t\t<div class=\"elementor-widget-container\">\n\t\t\t\t\t<div class=\"container-fluid text-and-multiple-images-container\">\n\t\t\t<div class=\"row content_style_5\">\n\t\t\t<div class=\"col-md-8 offset-md-2\">\n\t\t\t\t<div class=\"text-1 d-flex flex-column\">\n\t\t\t\t\t<p lang=\"FR-FR\" xml:lang=\"FR-FR\"><span lang=\"EN-US\" xml:lang=\"EN-US\"><strong>Hesp\u00e9ride gana el Gran Premio de la Imagen 2025<\/strong><\/span>\u200b<\/p><p lang=\"EN-US\" xml:lang=\"EN-US\"><span lang=\"EN-US\" xml:lang=\"EN-US\">Nos enorgullece anunciar que nuestra marca Hesp\u00e9ride ha sido galardonada con el prestigioso premio <strong>Gran Premio de la Imagen 2025.\u00a0<\/strong><\/span>\u200b<\/p><p lang=\"EN-US\" xml:lang=\"EN-US\"><span lang=\"EN-US\" xml:lang=\"EN-US\">Este premio reconoce el compromiso colectivo que impulsa nuestra marca y da vida a nuestras colecciones temporada tras temporada.<\/span><\/p><p lang=\"EN-US\" xml:lang=\"EN-US\">\u200b<span lang=\"EN-US\" xml:lang=\"EN-US\">Este reconocimiento es sobre todo el de nuestros equipos, que llevan con pasi\u00f3n el ADN de Hesp\u00e9ride a diario. Tambi\u00e9n pone de relieve nuestra colaboraci\u00f3n con la agencia Or\u00e8s, fiel colaboradora en nuestro desarrollo, as\u00ed como el notable trabajo del artista <strong>Ana Popescu<\/strong>cuyo mundo colorido y \u00fanico ha realzado nuestra identidad visual.<\/span><\/p><p lang=\"EN-US\" xml:lang=\"EN-US\">\u200b<span lang=\"EN-US\" xml:lang=\"EN-US\">Este premio resuena especialmente en nuestra emblem\u00e1tica asociaci\u00f3n con Roland-Garros, torneo del que seremos proveedor oficial de mobiliario a partir de 2021. Ilustra perfectamente nuestra ambici\u00f3n de combinar elegancia, autenticidad y el arte de vivir a la francesa en cada una de nuestras creaciones.<\/span><\/p><p lang=\"EN-US\" xml:lang=\"EN-US\"><span lang=\"EN-US\" xml:lang=\"EN-US\">Queremos dar las gracias a Home Fashion News y a todo el jurado del Gran Premio de la Imagen por este reconocimiento. Refuerza nuestra determinaci\u00f3n de seguir dando vida a nuestras colecciones y creando momentos de emoci\u00f3n en todos los jardines de Francia y m\u00e1s all\u00e1.<\/span>\u200b<\/p>\t\t\t\t<\/div>\n\t\t\t<\/div>\n\t\t<\/div>\n\t\t<div class=\"row content_style_5 mosaic-row\">\n\t\t\t<div class=\"col-md-6 offset-md-1 mosaic-img-0\">\n\t\t\t\t\t\t\t<\/div>\n\t\t\t<div class=\"col-md-4 d-flex flex-column justify-content-start\">\n\t\t\t\t<div class=\"d-flex mosaic-img-stack\">\n\t\t\t\t\t\t\t\t\t\t\t\t\t\t\t\t\t\t\t<\/div>\n\t\t\t<\/div>\n\t\t<\/div>\n\t<\/div>\n\t\t\t\t<\/div>\n\t\t\t\t<\/div>\n\t\t\t\t<\/div>\n\t\t\t\t<\/div>","protected":false},"excerpt":{"rendered":"<p>Hesp\u00e9ride gana el Gran Premio de la Imagen 2025<\/p>\n<p>\u200b<\/p>","protected":false},"author":10,"featured_media":4662,"comment_status":"open","ping_status":"open","sticky":false,"template":"","format":"standard","meta":{"_acf_changed":false,"footnotes":""},"categories":[26,36],"tags":[],"class_list":["post-4624","post","type-post","status-publish","format-standard","has-post-thumbnail","hentry","category-hesperide","category-prix"],"acf":[],"_links":{"self":[{"href":"https:\/\/www.groupe-jja.com\/es\/wp-json\/wp\/v2\/posts\/4624","targetHints":{"allow":["GET"]}}],"collection":[{"href":"https:\/\/www.groupe-jja.com\/es\/wp-json\/wp\/v2\/posts"}],"about":[{"href":"https:\/\/www.groupe-jja.com\/es\/wp-json\/wp\/v2\/types\/post"}],"author":[{"embeddable":true,"href":"https:\/\/www.groupe-jja.com\/es\/wp-json\/wp\/v2\/users\/10"}],"replies":[{"embeddable":true,"href":"https:\/\/www.groupe-jja.com\/es\/wp-json\/wp\/v2\/comments?post=4624"}],"version-history":[{"count":4,"href":"https:\/\/www.groupe-jja.com\/es\/wp-json\/wp\/v2\/posts\/4624\/revisions"}],"predecessor-version":[{"id":4666,"href":"https:\/\/www.groupe-jja.com\/es\/wp-json\/wp\/v2\/posts\/4624\/revisions\/4666"}],"wp:featuredmedia":[{"embeddable":true,"href":"https:\/\/www.groupe-jja.com\/es\/wp-json\/wp\/v2\/media\/4662"}],"wp:attachment":[{"href":"https:\/\/www.groupe-jja.com\/es\/wp-json\/wp\/v2\/media?parent=4624"}],"wp:term":[{"taxonomy":"category","embeddable":true,"href":"https:\/\/www.groupe-jja.com\/es\/wp-json\/wp\/v2\/categories?post=4624"},{"taxonomy":"post_tag","embeddable":true,"href":"https:\/\/www.groupe-jja.com\/es\/wp-json\/wp\/v2\/tags?post=4624"}],"curies":[{"name":"wp","href":"https:\/\/api.w.org\/{rel}","templated":true}]}}