{"id":4420,"date":"2024-11-28T14:59:00","date_gmt":"2024-11-28T13:59:00","guid":{"rendered":"https:\/\/www.groupe-jja.com\/?p=4420"},"modified":"2025-09-12T15:04:22","modified_gmt":"2025-09-12T13:04:22","slug":"fiesta-del-te-del-personal","status":"publish","type":"post","link":"https:\/\/www.groupe-jja.com\/es\/noticias\/fiesta-del-te-del-personal\/","title":{"rendered":"Fiesta del t\u00e9 del personal"},"content":{"rendered":"<div data-elementor-type=\"wp-post\" data-elementor-id=\"4420\" class=\"elementor elementor-4420\">\n\t\t\t\t<div class=\"elementor-element elementor-element-cfc2626 container-style-centered-container container-space container-space-no-space e-con-full container-margin-space  container-margin-space-default background-default e-flex e-con e-parent\" data-id=\"cfc2626\" data-element_type=\"container\">\n\t\t\t\t<div class=\"elementor-element elementor-element-1386c17 elementor-widget elementor-widget-text-and-multiple-images-widget\" data-id=\"1386c17\" data-element_type=\"widget\" data-widget_type=\"text-and-multiple-images-widget.default\">\n\t\t\t\t<div class=\"elementor-widget-container\">\n\t\t\t\t\t<div class=\"container-fluid text-and-multiple-images-container\">\n\t\t\t<div class=\"row content_style_5\">\n\t\t\t<div class=\"col-md-8 offset-md-2\">\n\t\t\t\t<div class=\"text-1 d-flex flex-column\">\n\t\t\t\t\t<p>En JJA, la convivencia cobra vida en el coraz\u00f3n de nuestro jard\u00edn: incluso hay un chalet en el centro, deliciosamente bautizado como \"Les Gourmandises de l'Atelier\".<\/p><p>\u200b<\/p><p>En el programa.<\/p><p>Dulces preparados por nuestro Chef Fr\u00e9d\u00e9ric y su equipo, Annabelle y Christelle, para celebrar la apertura de nuestras salas de exposici\u00f3n en un ambiente acogedor.<\/p><p>Gracias a nuestro equipo por regalarnos estos momentos de convivencia.<\/p><p>\u200b<\/p><p>Visitantes, \u00a1el chalet abre a las 5 de la tarde!<\/p>\t\t\t\t<\/div>\n\t\t\t<\/div>\n\t\t<\/div>\n\t\t<div class=\"row content_style_5 mosaic-row\">\n\t\t\t<div class=\"col-md-6 offset-md-1 mosaic-img-0\">\n\t\t\t\t\t\t\t<\/div>\n\t\t\t<div class=\"col-md-4 d-flex flex-column justify-content-start\">\n\t\t\t\t<div class=\"d-flex mosaic-img-stack\">\n\t\t\t\t\t\t\t\t\t\t\t\t\t\t\t\t\t\t\t<\/div>\n\t\t\t<\/div>\n\t\t<\/div>\n\t<\/div>\n\t\t\t\t<\/div>\n\t\t\t\t<\/div>\n\t\t\t\t<\/div>\n\t\t\t\t<\/div>","protected":false},"excerpt":{"rendered":"<p>En JJA, la convivencia cobra vida en el coraz\u00f3n de nuestro jard\u00edn.<\/p>","protected":false},"author":10,"featured_media":4421,"comment_status":"open","ping_status":"open","sticky":false,"template":"","format":"standard","meta":{"_acf_changed":false,"footnotes":""},"categories":[32],"tags":[],"class_list":["post-4420","post","type-post","status-publish","format-standard","has-post-thumbnail","hentry","category-rse"],"acf":[],"_links":{"self":[{"href":"https:\/\/www.groupe-jja.com\/es\/wp-json\/wp\/v2\/posts\/4420","targetHints":{"allow":["GET"]}}],"collection":[{"href":"https:\/\/www.groupe-jja.com\/es\/wp-json\/wp\/v2\/posts"}],"about":[{"href":"https:\/\/www.groupe-jja.com\/es\/wp-json\/wp\/v2\/types\/post"}],"author":[{"embeddable":true,"href":"https:\/\/www.groupe-jja.com\/es\/wp-json\/wp\/v2\/users\/10"}],"replies":[{"embeddable":true,"href":"https:\/\/www.groupe-jja.com\/es\/wp-json\/wp\/v2\/comments?post=4420"}],"version-history":[{"count":4,"href":"https:\/\/www.groupe-jja.com\/es\/wp-json\/wp\/v2\/posts\/4420\/revisions"}],"predecessor-version":[{"id":4425,"href":"https:\/\/www.groupe-jja.com\/es\/wp-json\/wp\/v2\/posts\/4420\/revisions\/4425"}],"wp:featuredmedia":[{"embeddable":true,"href":"https:\/\/www.groupe-jja.com\/es\/wp-json\/wp\/v2\/media\/4421"}],"wp:attachment":[{"href":"https:\/\/www.groupe-jja.com\/es\/wp-json\/wp\/v2\/media?parent=4420"}],"wp:term":[{"taxonomy":"category","embeddable":true,"href":"https:\/\/www.groupe-jja.com\/es\/wp-json\/wp\/v2\/categories?post=4420"},{"taxonomy":"post_tag","embeddable":true,"href":"https:\/\/www.groupe-jja.com\/es\/wp-json\/wp\/v2\/tags?post=4420"}],"curies":[{"name":"wp","href":"https:\/\/api.w.org\/{rel}","templated":true}]}}