{"id":4327,"date":"2024-06-07T14:14:00","date_gmt":"2024-06-07T12:14:00","guid":{"rendered":"https:\/\/www.groupe-jja.com\/?p=4327"},"modified":"2025-09-12T14:16:26","modified_gmt":"2025-09-12T12:16:26","slug":"garden-party-homexpo-paris","status":"publish","type":"post","link":"https:\/\/www.groupe-jja.com\/es\/noticias\/garden-party-homexpo-paris\/","title":{"rendered":"Garden Party HOMEXPO Par\u00eds"},"content":{"rendered":"<div data-elementor-type=\"wp-post\" data-elementor-id=\"4327\" class=\"elementor elementor-4327\">\n\t\t\t\t<div class=\"elementor-element elementor-element-cfc2626 container-style-centered-container container-space container-space-no-space e-con-full container-margin-space  container-margin-space-default background-default e-flex e-con e-parent\" data-id=\"cfc2626\" data-element_type=\"container\">\n\t\t\t\t<div class=\"elementor-element elementor-element-1386c17 elementor-widget elementor-widget-text-and-multiple-images-widget\" data-id=\"1386c17\" data-element_type=\"widget\" data-widget_type=\"text-and-multiple-images-widget.default\">\n\t\t\t\t<div class=\"elementor-widget-container\">\n\t\t\t\t\t<div class=\"container-fluid text-and-multiple-images-container\">\n\t\t\t<div class=\"row content_style_5\">\n\t\t\t<div class=\"col-md-8 offset-md-2\">\n\t\t\t\t<div class=\"text-1 d-flex flex-column\">\n\t\t\t\t\t<p>Crear un sal\u00f3n permanente dedicado a los profesionales del hogar era la ambici\u00f3n de <strong>HOMEXPO Par\u00eds<\/strong>.<\/p><p>En la actualidad, hay m\u00e1s de 20 expositores presentes todo el a\u00f1o en el sal\u00f3n. <strong>30 000m\u00b2<\/strong> salas de exposici\u00f3n.<\/p><p>Una vez al a\u00f1o, reunimos a cerca de 600 actores del sector del equipamiento y la decoraci\u00f3n del hogar en un evento incre\u00edble. <strong>Fiesta en el jard\u00edn<\/strong>.<\/p><p>Gracias a todos nuestros invitados por venir y contribuir al \u00e9xito de la velada.<\/p>\t\t\t\t<\/div>\n\t\t\t<\/div>\n\t\t<\/div>\n\t\t<div class=\"row content_style_5 mosaic-row\">\n\t\t\t<div class=\"col-md-6 offset-md-1 mosaic-img-0\">\n\t\t\t\t\t\t\t<\/div>\n\t\t\t<div class=\"col-md-4 d-flex flex-column justify-content-start\">\n\t\t\t\t<div class=\"d-flex mosaic-img-stack\">\n\t\t\t\t\t\t\t\t\t\t\t\t\t\t\t\t\t\t\t<\/div>\n\t\t\t<\/div>\n\t\t<\/div>\n\t<\/div>\n\t\t\t\t<\/div>\n\t\t\t\t<\/div>\n\t\t\t\t<\/div>\n\t\t\t\t<\/div>","protected":false},"excerpt":{"rendered":"<p>Cr\u00e9er un salon permanent d\u00e9di\u00e9 aux professionnels de la maison, telle \u00e9tait l&rsquo;ambition de HOMEXPO Paris.<\/p>","protected":false},"author":10,"featured_media":4328,"comment_status":"open","ping_status":"open","sticky":false,"template":"","format":"standard","meta":{"_acf_changed":false,"footnotes":""},"categories":[37,28],"tags":[],"class_list":["post-4327","post","type-post","status-publish","format-standard","has-post-thumbnail","hentry","category-homexpo","category-showroom"],"acf":[],"_links":{"self":[{"href":"https:\/\/www.groupe-jja.com\/es\/wp-json\/wp\/v2\/posts\/4327","targetHints":{"allow":["GET"]}}],"collection":[{"href":"https:\/\/www.groupe-jja.com\/es\/wp-json\/wp\/v2\/posts"}],"about":[{"href":"https:\/\/www.groupe-jja.com\/es\/wp-json\/wp\/v2\/types\/post"}],"author":[{"embeddable":true,"href":"https:\/\/www.groupe-jja.com\/es\/wp-json\/wp\/v2\/users\/10"}],"replies":[{"embeddable":true,"href":"https:\/\/www.groupe-jja.com\/es\/wp-json\/wp\/v2\/comments?post=4327"}],"version-history":[{"count":4,"href":"https:\/\/www.groupe-jja.com\/es\/wp-json\/wp\/v2\/posts\/4327\/revisions"}],"predecessor-version":[{"id":4332,"href":"https:\/\/www.groupe-jja.com\/es\/wp-json\/wp\/v2\/posts\/4327\/revisions\/4332"}],"wp:featuredmedia":[{"embeddable":true,"href":"https:\/\/www.groupe-jja.com\/es\/wp-json\/wp\/v2\/media\/4328"}],"wp:attachment":[{"href":"https:\/\/www.groupe-jja.com\/es\/wp-json\/wp\/v2\/media?parent=4327"}],"wp:term":[{"taxonomy":"category","embeddable":true,"href":"https:\/\/www.groupe-jja.com\/es\/wp-json\/wp\/v2\/categories?post=4327"},{"taxonomy":"post_tag","embeddable":true,"href":"https:\/\/www.groupe-jja.com\/es\/wp-json\/wp\/v2\/tags?post=4327"}],"curies":[{"name":"wp","href":"https:\/\/api.w.org\/{rel}","templated":true}]}}