{"id":12189,"date":"2025-12-01T15:35:54","date_gmt":"2025-12-01T14:35:54","guid":{"rendered":"https:\/\/www.groupe-jja.com\/?p=12189"},"modified":"2025-12-01T15:38:04","modified_gmt":"2025-12-01T14:38:04","slug":"conferencia-de-dadrien-arculeo","status":"publish","type":"post","link":"https:\/\/www.groupe-jja.com\/es\/noticias\/conferencia-de-dadrien-arculeo\/","title":{"rendered":"Conferencia de Adrien Arculeo"},"content":{"rendered":"<div data-elementor-type=\"wp-post\" data-elementor-id=\"12189\" class=\"elementor elementor-12189\">\n\t\t\t\t<div class=\"elementor-element elementor-element-b8cf846 container-space container-space-default container-margin-space  container-margin-space-default background-default e-flex e-con-boxed e-con e-parent\" data-id=\"b8cf846\" data-element_type=\"container\">\n\t\t\t\t\t<div class=\"e-con-inner\">\n\t\t\t\t<div class=\"elementor-element elementor-element-c950255 elementor-widget elementor-widget-text-editor\" data-id=\"c950255\" data-element_type=\"widget\" data-widget_type=\"text-editor.default\">\n\t\t\t\t<div class=\"elementor-widget-container\">\n\t\t\t\t\t\t\t\t\t<h2 data-start=\"151\" data-end=\"230\">Comprender el potencial de la IA: una conferencia inspiradora para nuestros equipos<\/h2><p data-start=\"232\" data-end=\"578\">Recientemente hemos tenido el placer de dar la bienvenida a <strong data-start=\"280\" data-end=\"298\">Adrien Arculeo<\/strong>, Data, AI &amp; Analytics Enterprise Architect de Orange Business, en una conferencia dedicada a comprender y poner en pr\u00e1ctica la inteligencia artificial.<br data-start=\"467\" data-end=\"470\" \/>Fue un acto enriquecedor, educativo y especialmente inspirador para todos los empleados presentes.<br \/><br \/><\/p><h3 data-start=\"580\" data-end=\"629\">Entender mejor la IA para utilizarla con m\u00e1s eficacia<\/h3><p data-start=\"630\" data-end=\"682\">Durante esta intervenci\u00f3n, los equipos pudieron :<\/p><ul data-start=\"684\" data-end=\"954\"><li data-start=\"684\" data-end=\"776\"><p data-start=\"686\" data-end=\"776\"><strong data-start=\"686\" data-end=\"716\">Perfeccionar sus conocimientos<\/strong> qu\u00e9 es realmente la IA y cu\u00e1l es su objetivo principal; ;<\/p><\/li><li data-start=\"777\" data-end=\"874\"><p data-start=\"779\" data-end=\"874\"><strong data-start=\"779\" data-end=\"813\">Descubra las grandes familias<\/strong> que estructuran esta tecnolog\u00eda en constante evoluci\u00f3n; ;<\/p><\/li><li data-start=\"875\" data-end=\"954\"><p data-start=\"877\" data-end=\"954\"><strong data-start=\"877\" data-end=\"911\">Identificar su impacto directo<\/strong> sobre nuestras empresas y nuestra organizaci\u00f3n.<\/p><\/li><\/ul><p data-start=\"956\" data-end=\"1101\">Esta sesi\u00f3n desmitific\u00f3 la IA, que a menudo se percibe como compleja o abstracta, situ\u00e1ndola en una perspectiva muy operativa.<br \/><br \/><\/p><h3 data-start=\"1103\" data-end=\"1159\">Una palanca de eficiencia que refuerza nuestra experiencia<\/h3><p data-start=\"1160\" data-end=\"1423\">De la conferencia surgi\u00f3 un mensaje clave:<br data-start=\"1210\" data-end=\"1213\" \/><strong data-start=\"1213\" data-end=\"1297\">La IA no pretende sustituir la experiencia humana, sino ampliarla.<\/strong><br data-start=\"1297\" data-end=\"1300\" \/>Correctamente integrada, es ya una poderosa palanca de productividad, eficiencia e innovaci\u00f3n en el d\u00eda a d\u00eda.<br \/><br \/><\/p><h3 data-start=\"1425\" data-end=\"1463\">Formaci\u00f3n, experimentaci\u00f3n, progreso<\/h3><p data-start=\"1464\" data-end=\"1576\">Para aprovechar al m\u00e1ximo estas tecnolog\u00edas, nuestro planteamiento se guiar\u00e1 por dos prioridades:<\/p><ul data-start=\"1578\" data-end=\"1788\"><li data-start=\"1578\" data-end=\"1686\"><p data-start=\"1580\" data-end=\"1686\"><strong data-start=\"1580\" data-end=\"1611\">usos en desarrollo<\/strong>, El objetivo es difundir las mejores pr\u00e1cticas y fomentar la experimentaci\u00f3n; ;<\/p><\/li><li data-start=\"1687\" data-end=\"1788\"><p data-start=\"1689\" data-end=\"1788\"><strong data-start=\"1689\" data-end=\"1714\">formaci\u00f3n continua<\/strong>, para apoyar el desarrollo de las competencias de todos nuestros equipos.<\/p><\/li><\/ul><p data-start=\"1790\" data-end=\"1958\">Queremos dar las gracias a\u00a0 <strong data-start=\"1822\" data-end=\"1842\">Laurent Faucheux<\/strong>, nuestro experto interno en IA, por su apoyo en esta transformaci\u00f3n esencial para el futuro del Grupo JJA.<\/p>\t\t\t\t\t\t\t\t<\/div>\n\t\t\t\t<\/div>\n\t\t\t\t\t<\/div>\n\t\t\t\t<\/div>\n\t\t\t\t<\/div>","protected":false},"excerpt":{"rendered":"<p>Una conferencia inspiradora dedicada a comprender y poner en pr\u00e1ctica la inteligencia artificial.<\/p>","protected":false},"author":7,"featured_media":12190,"comment_status":"closed","ping_status":"open","sticky":false,"template":"","format":"standard","meta":{"_acf_changed":false,"footnotes":""},"categories":[31],"tags":[],"class_list":["post-12189","post","type-post","status-publish","format-standard","has-post-thumbnail","hentry","category-people"],"acf":[],"_links":{"self":[{"href":"https:\/\/www.groupe-jja.com\/es\/wp-json\/wp\/v2\/posts\/12189","targetHints":{"allow":["GET"]}}],"collection":[{"href":"https:\/\/www.groupe-jja.com\/es\/wp-json\/wp\/v2\/posts"}],"about":[{"href":"https:\/\/www.groupe-jja.com\/es\/wp-json\/wp\/v2\/types\/post"}],"author":[{"embeddable":true,"href":"https:\/\/www.groupe-jja.com\/es\/wp-json\/wp\/v2\/users\/7"}],"replies":[{"embeddable":true,"href":"https:\/\/www.groupe-jja.com\/es\/wp-json\/wp\/v2\/comments?post=12189"}],"version-history":[{"count":7,"href":"https:\/\/www.groupe-jja.com\/es\/wp-json\/wp\/v2\/posts\/12189\/revisions"}],"predecessor-version":[{"id":12197,"href":"https:\/\/www.groupe-jja.com\/es\/wp-json\/wp\/v2\/posts\/12189\/revisions\/12197"}],"wp:featuredmedia":[{"embeddable":true,"href":"https:\/\/www.groupe-jja.com\/es\/wp-json\/wp\/v2\/media\/12190"}],"wp:attachment":[{"href":"https:\/\/www.groupe-jja.com\/es\/wp-json\/wp\/v2\/media?parent=12189"}],"wp:term":[{"taxonomy":"category","embeddable":true,"href":"https:\/\/www.groupe-jja.com\/es\/wp-json\/wp\/v2\/categories?post=12189"},{"taxonomy":"post_tag","embeddable":true,"href":"https:\/\/www.groupe-jja.com\/es\/wp-json\/wp\/v2\/tags?post=12189"}],"curies":[{"name":"wp","href":"https:\/\/api.w.org\/{rel}","templated":true}]}}