{"id":4534,"date":"2025-04-02T10:48:00","date_gmt":"2025-04-02T08:48:00","guid":{"rendered":"https:\/\/www.groupe-jja.com\/?p=4534"},"modified":"2025-09-15T10:50:54","modified_gmt":"2025-09-15T08:50:54","slug":"and-if-you-came-across-atmosphera-on-your-route","status":"publish","type":"post","link":"https:\/\/www.groupe-jja.com\/en\/news\/and-if-you-came-across-atmosphera-on-your-route\/","title":{"rendered":"What if you came across Atmosphera on the way?"},"content":{"rendered":"<div data-elementor-type=\"wp-post\" data-elementor-id=\"4534\" class=\"elementor elementor-4534\">\n\t\t\t\t<div class=\"elementor-element elementor-element-cfc2626 container-style-centered-container container-space container-space-no-space e-con-full container-margin-space  container-margin-space-default background-default e-flex e-con e-parent\" data-id=\"cfc2626\" data-element_type=\"container\">\n\t\t\t\t<div class=\"elementor-element elementor-element-1386c17 elementor-widget elementor-widget-text-and-multiple-images-widget\" data-id=\"1386c17\" data-element_type=\"widget\" data-widget_type=\"text-and-multiple-images-widget.default\">\n\t\t\t\t<div class=\"elementor-widget-container\">\n\t\t\t\t\t<div class=\"container-fluid text-and-multiple-images-container\">\n\t\t\t<div class=\"row content_style_5\">\n\t\t\t<div class=\"col-md-8 offset-md-2\">\n\t\t\t\t<div class=\"text-1 d-flex flex-column\">\n\t\t\t\t\t<p>From April 2 to 9, Atmosphera, our home furnishings brand, is rolling out a nationwide poster campaign to reach out to consumers.<\/p><p>\u200b<\/p><p>With more than 5,000 faces all over France, Atmosphera makes its presence felt loud and clear.<\/p><p>\u200b<\/p><p>The objective? To introduce people to Atmosphera and show them that inspiring, affordable interiors are possible!<\/p><p>\u200b<\/p><p>A strong message: go beyond the diktats of design for decoration that adapts to real interiors and real lives.<\/p>\t\t\t\t<\/div>\n\t\t\t<\/div>\n\t\t<\/div>\n\t\t<div class=\"row content_style_5 mosaic-row\">\n\t\t\t<div class=\"col-md-6 offset-md-1 mosaic-img-0\">\n\t\t\t\t\t\t\t<\/div>\n\t\t\t<div class=\"col-md-4 d-flex flex-column justify-content-start\">\n\t\t\t\t<div class=\"d-flex mosaic-img-stack\">\n\t\t\t\t\t\t\t\t\t\t\t\t\t\t\t\t\t\t\t<\/div>\n\t\t\t<\/div>\n\t\t<\/div>\n\t<\/div>\n\t\t\t\t<\/div>\n\t\t\t\t<\/div>\n\t\t\t\t<\/div>\n\t\t\t\t<\/div>","protected":false},"excerpt":{"rendered":"<p>Du 2 au 9 avril, Atmosphera, notre marque d\u2019ameublement et de d\u00e9coration d&rsquo;int\u00e9rieur d\u00e9ploie une campagne d\u2019affichage nationale !<\/p>","protected":false},"author":10,"featured_media":4535,"comment_status":"open","ping_status":"open","sticky":false,"template":"","format":"standard","meta":{"_acf_changed":false,"footnotes":""},"categories":[29],"tags":[],"class_list":["post-4534","post","type-post","status-publish","format-standard","has-post-thumbnail","hentry","category-atmosphera"],"acf":[],"_links":{"self":[{"href":"https:\/\/www.groupe-jja.com\/en\/wp-json\/wp\/v2\/posts\/4534","targetHints":{"allow":["GET"]}}],"collection":[{"href":"https:\/\/www.groupe-jja.com\/en\/wp-json\/wp\/v2\/posts"}],"about":[{"href":"https:\/\/www.groupe-jja.com\/en\/wp-json\/wp\/v2\/types\/post"}],"author":[{"embeddable":true,"href":"https:\/\/www.groupe-jja.com\/en\/wp-json\/wp\/v2\/users\/10"}],"replies":[{"embeddable":true,"href":"https:\/\/www.groupe-jja.com\/en\/wp-json\/wp\/v2\/comments?post=4534"}],"version-history":[{"count":4,"href":"https:\/\/www.groupe-jja.com\/en\/wp-json\/wp\/v2\/posts\/4534\/revisions"}],"predecessor-version":[{"id":4539,"href":"https:\/\/www.groupe-jja.com\/en\/wp-json\/wp\/v2\/posts\/4534\/revisions\/4539"}],"wp:featuredmedia":[{"embeddable":true,"href":"https:\/\/www.groupe-jja.com\/en\/wp-json\/wp\/v2\/media\/4535"}],"wp:attachment":[{"href":"https:\/\/www.groupe-jja.com\/en\/wp-json\/wp\/v2\/media?parent=4534"}],"wp:term":[{"taxonomy":"category","embeddable":true,"href":"https:\/\/www.groupe-jja.com\/en\/wp-json\/wp\/v2\/categories?post=4534"},{"taxonomy":"post_tag","embeddable":true,"href":"https:\/\/www.groupe-jja.com\/en\/wp-json\/wp\/v2\/tags?post=4534"}],"curies":[{"name":"wp","href":"https:\/\/api.w.org\/{rel}","templated":true}]}}