{"id":4516,"date":"2025-03-14T10:41:00","date_gmt":"2025-03-14T09:41:00","guid":{"rendered":"https:\/\/www.groupe-jja.com\/?p=4516"},"modified":"2025-09-15T10:44:02","modified_gmt":"2025-09-15T08:44:02","slug":"atmosphera-wins-lif-design-award-2","status":"publish","type":"post","link":"https:\/\/www.groupe-jja.com\/en\/news\/atmosphera-wins-lif-design-award-2\/","title":{"rendered":"Atmosphera wins IF DESIGN AWARD"},"content":{"rendered":"<div data-elementor-type=\"wp-post\" data-elementor-id=\"4516\" class=\"elementor elementor-4516\">\n\t\t\t\t<div class=\"elementor-element elementor-element-cfc2626 container-style-centered-container container-space container-space-no-space e-con-full container-margin-space  container-margin-space-default background-default e-flex e-con e-parent\" data-id=\"cfc2626\" data-element_type=\"container\">\n\t\t\t\t<div class=\"elementor-element elementor-element-1386c17 elementor-widget elementor-widget-text-and-multiple-images-widget\" data-id=\"1386c17\" data-element_type=\"widget\" data-widget_type=\"text-and-multiple-images-widget.default\">\n\t\t\t\t<div class=\"elementor-widget-container\">\n\t\t\t\t\t<div class=\"container-fluid text-and-multiple-images-container\">\n\t\t\t<div class=\"row content_style_5\">\n\t\t\t<div class=\"col-md-8 offset-md-2\">\n\t\t\t\t<div class=\"text-1 d-flex flex-column\">\n\t\t\t\t\t<p>We're delighted to announce that our home furnishings brand Atmosphera has won the IF DESIGN AWARD for our banquette-m\u00e9ridienne \"L'\u00c9chapp\u00e9e\", the result of a collaboration between Atmosphera and designereuse matali crasset.<\/p><p>\u200b<\/p><p>In the midst of numerous entries from over 60 countries, our project stood out for its high standards of design and aesthetics.<\/p><p>\u200b<\/p><p>This distinction honors the expertise and commitment of our teams, who place design and excellence at the heart of every project.<\/p><p>It rewards a collective effort driven by passion and the search for a perfect balance between design, functionality and accessibility.<\/p><p>\u200b<\/p><p>Well done, everyone!\ud83d\udc4f<\/p>\t\t\t\t<\/div>\n\t\t\t<\/div>\n\t\t<\/div>\n\t\t<div class=\"row content_style_5 mosaic-row\">\n\t\t\t<div class=\"col-md-6 offset-md-1 mosaic-img-0\">\n\t\t\t\t\t\t\t<\/div>\n\t\t\t<div class=\"col-md-4 d-flex flex-column justify-content-start\">\n\t\t\t\t<div class=\"d-flex mosaic-img-stack\">\n\t\t\t\t\t\t\t\t\t\t\t\t\t\t\t\t\t\t\t<\/div>\n\t\t\t<\/div>\n\t\t<\/div>\n\t<\/div>\n\t\t\t\t<\/div>\n\t\t\t\t<\/div>\n\t\t\t\t<\/div>\n\t\t\t\t<\/div>","protected":false},"excerpt":{"rendered":"<p>Nous sommes tr\u00e8s heureux d\u2019annoncer que notre marque de d\u00e9coration et d&rsquo;ameublement d&rsquo;int\u00e9rieur Atmosphera a remport\u00e9 l&rsquo;IF DESIGN AWARD!<\/p>","protected":false},"author":10,"featured_media":4517,"comment_status":"open","ping_status":"open","sticky":false,"template":"","format":"standard","meta":{"_acf_changed":false,"footnotes":""},"categories":[29,36],"tags":[],"class_list":["post-4516","post","type-post","status-publish","format-standard","has-post-thumbnail","hentry","category-atmosphera","category-prix"],"acf":[],"_links":{"self":[{"href":"https:\/\/www.groupe-jja.com\/en\/wp-json\/wp\/v2\/posts\/4516","targetHints":{"allow":["GET"]}}],"collection":[{"href":"https:\/\/www.groupe-jja.com\/en\/wp-json\/wp\/v2\/posts"}],"about":[{"href":"https:\/\/www.groupe-jja.com\/en\/wp-json\/wp\/v2\/types\/post"}],"author":[{"embeddable":true,"href":"https:\/\/www.groupe-jja.com\/en\/wp-json\/wp\/v2\/users\/10"}],"replies":[{"embeddable":true,"href":"https:\/\/www.groupe-jja.com\/en\/wp-json\/wp\/v2\/comments?post=4516"}],"version-history":[{"count":4,"href":"https:\/\/www.groupe-jja.com\/en\/wp-json\/wp\/v2\/posts\/4516\/revisions"}],"predecessor-version":[{"id":4521,"href":"https:\/\/www.groupe-jja.com\/en\/wp-json\/wp\/v2\/posts\/4516\/revisions\/4521"}],"wp:featuredmedia":[{"embeddable":true,"href":"https:\/\/www.groupe-jja.com\/en\/wp-json\/wp\/v2\/media\/4517"}],"wp:attachment":[{"href":"https:\/\/www.groupe-jja.com\/en\/wp-json\/wp\/v2\/media?parent=4516"}],"wp:term":[{"taxonomy":"category","embeddable":true,"href":"https:\/\/www.groupe-jja.com\/en\/wp-json\/wp\/v2\/categories?post=4516"},{"taxonomy":"post_tag","embeddable":true,"href":"https:\/\/www.groupe-jja.com\/en\/wp-json\/wp\/v2\/tags?post=4516"}],"curies":[{"name":"wp","href":"https:\/\/api.w.org\/{rel}","templated":true}]}}